[{"@context":"https:\/\/schema.org\/","@type":"Article","@id":"https:\/\/www.fms.sk\/odozente-depresiu-dovolenkou\/#Article","mainEntityOfPage":"https:\/\/www.fms.sk\/odozente-depresiu-dovolenkou\/","headline":"Odo\u017ee\u0148te depresiu dovolenkou","name":"Odo\u017ee\u0148te depresiu dovolenkou","description":"Pre niektor\u00fdch \u013eud\u00ed znamen\u00e1 janu\u00e1r len zabehnut\u00fd koloto\u010d, ktor\u00fd neznamen\u00e1 ni\u010d in\u00e9, iba pr\u00e1cu a \u017eiadnu z\u00e1bavu. Mnoh\u00ed \u013eudia v\u0161ak pr\u00e1ve v janu\u00e1ri za\u010dn\u00fa prem\u00fd\u0161\u013ea\u0165 nad t\u00fdm, kam sa vyber\u00fa v lete. Mysl\u00edte si, \u017ee je to skoro? Ale v\u00f4bec. &hellip; ","datePublished":"2017-11-18","dateModified":"2023-04-28","author":{"@type":"Person","@id":"https:\/\/www.fms.sk\/author\/devene\/#Person","name":"devene","url":"https:\/\/www.fms.sk\/author\/devene\/","identifier":1,"image":{"@type":"ImageObject","@id":"https:\/\/secure.gravatar.com\/avatar\/b74f056f0354b8ee50fcd0e6106aa964423477cb93024726458fce7ffd63d5d8?s=96&d=mm&r=g","url":"https:\/\/secure.gravatar.com\/avatar\/b74f056f0354b8ee50fcd0e6106aa964423477cb93024726458fce7ffd63d5d8?s=96&d=mm&r=g","height":96,"width":96}},"publisher":{"@type":"Organization","name":"fms.sk","logo":{"@type":"ImageObject","@id":"\/logo.png","url":"\/logo.png","width":600,"height":60}},"image":{"@type":"ImageObject","@id":"https:\/\/www.fms.sk\/wp-content\/uploads\/img_a284478_w16498_t1516300096.jpg","url":"https:\/\/www.fms.sk\/wp-content\/uploads\/img_a284478_w16498_t1516300096.jpg","height":0,"width":0},"url":"https:\/\/www.fms.sk\/odozente-depresiu-dovolenkou\/","about":["Dovolenka"],"wordCount":419,"articleBody":"Pre niektor\u00fdch \u013eud\u00ed znamen\u00e1 janu\u00e1r len zabehnut\u00fd koloto\u010d, ktor\u00fd neznamen\u00e1 ni\u010d in\u00e9, iba pr\u00e1cu a \u017eiadnu z\u00e1bavu. Mnoh\u00ed \u013eudia v\u0161ak pr\u00e1ve v janu\u00e1ri za\u010dn\u00fa prem\u00fd\u0161\u013ea\u0165 nad t\u00fdm, kam sa vyber\u00fa v lete. Mysl\u00edte si, \u017ee je to skoro? Ale v\u00f4bec. Pr\u00e1ve teraz toti\u017eto dovolenky vyjd\u00fa za skuto\u010dne neuverite\u013en\u00e9 ceny. Ke\u010f objedn\u00e1vate z\u00e1jazdy s predstihom, m\u00f4\u017eete si by\u0165 takmer ist\u00fd, \u017ee vychyt\u00e1te neuverite\u013ene dobr\u00e9 ceny. Ob\u010das v\u0161ak mus\u00edte riskn\u00fa\u0165 to, \u017ee neviete, \u010do sa stane o pol roka. V\u017edy m\u00f4\u017eete va\u0161u dovolenku zru\u0161i\u0165, no pln\u00e1 suma sa v\u00e1m skoro nikdy nevr\u00e1ti. Ak v\u0161ak chcete \u00eds\u0165 niekam na dovolenku, pre\u010do by ste si ju nemohli zaplati\u0165 a od\u00eds\u0165 pr\u00e1ve teraz?\u00a0Dovolenka mimo sez\u00f3nu m\u00e1 svoje \u010daro. Aj ke\u010f mnoh\u00e9 rodiny s de\u0165mi chc\u00fa hlavne im vyplni\u0165 pr\u00e1zdniny, a preto sa v\u017edy pozeraj\u00fa po dovolenke v j\u00fali alebo v auguste, ak nem\u00e1te tak\u00fato amb\u00edciu, ur\u010dite cho\u010fte do toho a vypl\u0148te va\u0161im de\u0165om program tak\u00fdmto sp\u00f4sobom. A ak nem\u00e1te die\u0165a, tak nem\u00e1te ani absol\u00fatne o \u010dom prem\u00fd\u0161\u013ea\u0165. Proste cho\u010fte do toho, ke\u010f m\u00e1te tak\u00fato mo\u017enos\u0165. Od\u00ed\u010fte a u\u017eite si pohodu, ktor\u00fa v\u00e1m dok\u00e1\u017ee urobi\u0165 iba dovolenka po\u010das zimy. Po\u010das sez\u00f3ny, kedy v\u0161etci utekaj\u00fa na ly\u017eova\u010dky. Vy m\u00f4\u017eete urobi\u0165 prav\u00fd opak a od\u00eds\u0165 do tepl\u00fdch kraj\u00edn.\u00a0Za hlavn\u00fd d\u00f4vod, pre\u010do \u00eds\u0165 niekam teraz, je samozrejme v\u00fdhodn\u00e1 cena. Ur\u010dite zaplat\u00edte ove\u013ea menej (mo\u017eno aj o polovicu menej), ako keby ste \u0161li v lete. Tu v\u0161ak mus\u00edte dba\u0165 na to, aby ste \u0161li niekam, kde je teplo. V\u00fdhodn\u00e9 je, \u017ee m\u00f4\u017eete po\u010dasie sledova\u0165 na internete, \u010do je skuto\u010dne ve\u013emi jednoduch\u00e9. Takto z\u00edskate predstavu o tom, kde v\u00e1m bude po\u010das leta \u00faplne najlep\u0161ie. \u010eal\u0161\u00edm plusom, ktor\u00fd ur\u010dite ocenia mnoh\u00ed \u013eudia, je to, \u017ee teraz len m\u00e1lokedy stretnete ve\u013ea dovolenkuj\u00facich. Ako sme u\u017e spom\u00ednali, v\u0161etci chc\u00fa dovolenkova\u0165 v lete. Tak\u017ee sa vyhnete preplnen\u00fdm pl\u00e1\u017eam, ale aj turistick\u00fdm destin\u00e1ci\u00e1m. A to je ur\u010dite nie\u010do, na \u010do sa nech\u00e1te nahovori\u0165, no nie?                                                                                                                                                                                                                                                                                                                                                                                        4.2\/5 - (6 votes)        "},{"@context":"https:\/\/schema.org\/","@type":"BreadcrumbList","itemListElement":[{"@type":"ListItem","position":1,"name":"Odo\u017ee\u0148te depresiu dovolenkou","item":"https:\/\/www.fms.sk\/odozente-depresiu-dovolenkou\/#breadcrumbitem"}]}]